{"id":1025,"date":"2014-05-15T09:27:51","date_gmt":"2014-05-15T06:27:51","guid":{"rendered":"http:\/\/www.liepaja.adventisti.lv\/?p=1025"},"modified":"2014-05-15T09:29:57","modified_gmt":"2014-05-15T06:29:57","slug":"slavesanas-vakars","status":"publish","type":"post","link":"http:\/\/www.liepaja.adventisti.lv\/?p=1025","title":{"rendered":"SLAV\u0112\u0160ANAS VAKARS"},"content":{"rendered":"<p style=\"text-align: center;\"><img loading=\"lazy\" decoding=\"async\" class=\"aligncenter\" alt=\"\" src=\"http:\/\/i0.wp.com\/i3.ifrype.com\/posts\/895\/753\/v1399961135\/l_11895753.jpg?resize=351%2C289\" data-recalc-dims=\"1\" \/><\/p>\n<p style=\"text-align: center;\">17.maij\u0101, plkst. 18:00,<\/p>\n<p style=\"text-align: center;\">ikviens tiek iel\u016bgts un gaid\u012bts Slav\u0113\u0161anas vakar\u0101!<\/p>\n<p style=\"text-align: center;\">\u0160aj\u0101 vakar\u0101 kop\u0101 ar mums b\u016bs: * Korintas draudzes m\u016bzi\u0137i,<\/p>\n<p style=\"text-align: center;\">*Liep\u0101jas draudzes \u0123it\u0101ristu ansamblis,<\/p>\n<p style=\"text-align: center;\">*slav\u0113\u0161anas grupa Debesu rati (Solvita Matelsone, Kristofers-Rolands Kang\u012bzers, Ilgonis Kang\u012bzers),<\/p>\n<p style=\"text-align: center;\">*Rodertu \u0123imene<\/p>\n<p style=\"text-align: center;\">*apvienoti, un jaunizveidoti muzik\u0101li draugu projekti.<\/p>\n<p style=\"text-align: center;\">\n<p style=\"text-align: center;\">Esam iecer\u0113ju\u0161i pavad\u012bt vakaru slav\u0113jot Dievu, esot kop\u0101 savstarp\u0113j\u0101 draudz\u012bb\u0101.<\/p>\n<p style=\"text-align: center;\">\n<p style=\"text-align: center;\"><em>*Pas\u0101kum\u0101 b\u016bs iesp\u0113ja ziedot draudzes nama jumta remonatm.<\/em><\/p>\n<p style=\"text-align: right;\"><a href=\"http:\/\/www.draugiem.lv\/liepajasdraudze\/#\/liepajasdraudze\/news\/?p=11895753\" onclick=\"_gaq.push(['_trackEvent', 'outbound-article', 'http:\/\/www.draugiem.lv\/liepajasdraudze\/#\/liepajasdraudze\/news\/?p=11895753', 'http:\/\/www.draugiem.lv\/liepajasdraudze\/#\/liepajasdraudze\/news\/?p=11895753']);\" >http:\/\/www.draugiem.lv\/liepajasdraudze\/#\/liepajasdraudze\/news\/?p=11895753<\/a><\/p>\n","protected":false},"excerpt":{"rendered":"<p>17.maij\u0101, plkst. 18:00, ikviens tiek iel\u016bgts un gaid\u012bts Slav\u0113\u0161anas vakar\u0101! \u0160aj\u0101 vakar\u0101 kop\u0101 ar mums b\u016bs: * Korintas draudzes m\u016bzi\u0137i, *Liep\u0101jas draudzes \u0123it\u0101ristu ansamblis, *slav\u0113\u0161anas grupa Debesu rati (Solvita Matelsone, Kristofers-Rolands Kang\u012bzers, Ilgonis Kang\u012bzers), *Rodertu \u0123imene *apvienoti, un jaunizveidoti muzik\u0101li draugu projekti. Esam iecer\u0113ju\u0161i pavad\u012bt vakaru slav\u0113jot Dievu, esot kop\u0101 savstarp\u0113j\u0101 draudz\u012bb\u0101. *Pas\u0101kum\u0101 b\u016bs iesp\u0113ja [&hellip;]<\/p>\n","protected":false},"author":4,"featured_media":0,"comment_status":"open","ping_status":"open","sticky":false,"template":"","format":"standard","meta":{"footnotes":""},"categories":[6,1],"tags":[],"_links":{"self":[{"href":"http:\/\/www.liepaja.adventisti.lv\/index.php?rest_route=\/wp\/v2\/posts\/1025"}],"collection":[{"href":"http:\/\/www.liepaja.adventisti.lv\/index.php?rest_route=\/wp\/v2\/posts"}],"about":[{"href":"http:\/\/www.liepaja.adventisti.lv\/index.php?rest_route=\/wp\/v2\/types\/post"}],"author":[{"embeddable":true,"href":"http:\/\/www.liepaja.adventisti.lv\/index.php?rest_route=\/wp\/v2\/users\/4"}],"replies":[{"embeddable":true,"href":"http:\/\/www.liepaja.adventisti.lv\/index.php?rest_route=%2Fwp%2Fv2%2Fcomments&post=1025"}],"version-history":[{"count":5,"href":"http:\/\/www.liepaja.adventisti.lv\/index.php?rest_route=\/wp\/v2\/posts\/1025\/revisions"}],"predecessor-version":[{"id":1029,"href":"http:\/\/www.liepaja.adventisti.lv\/index.php?rest_route=\/wp\/v2\/posts\/1025\/revisions\/1029"}],"wp:attachment":[{"href":"http:\/\/www.liepaja.adventisti.lv\/index.php?rest_route=%2Fwp%2Fv2%2Fmedia&parent=1025"}],"wp:term":[{"taxonomy":"category","embeddable":true,"href":"http:\/\/www.liepaja.adventisti.lv\/index.php?rest_route=%2Fwp%2Fv2%2Fcategories&post=1025"},{"taxonomy":"post_tag","embeddable":true,"href":"http:\/\/www.liepaja.adventisti.lv\/index.php?rest_route=%2Fwp%2Fv2%2Ftags&post=1025"}],"curies":[{"name":"wp","href":"https:\/\/api.w.org\/{rel}","templated":true}]}}