{"id":1419,"date":"2019-10-02T11:07:12","date_gmt":"2019-10-02T08:07:12","guid":{"rendered":"http:\/\/www.liepaja.adventisti.lv\/?p=1419"},"modified":"2019-10-02T14:34:19","modified_gmt":"2019-10-02T11:34:19","slug":"rudens-pateicibas-dievkalpojums","status":"publish","type":"post","link":"http:\/\/www.liepaja.adventisti.lv\/?p=1419","title":{"rendered":"Rudens Pateic\u012bbas dievkalpojums"},"content":{"rendered":"<p style=\"text-align: center;\"><a href=\"http:\/\/i0.wp.com\/www.liepaja.adventisti.lv\/wp-content\/uploads\/rudens.jpg\"><img loading=\"lazy\" decoding=\"async\" class=\"alignnone size-medium wp-image-1420\" src=\"http:\/\/i0.wp.com\/www.liepaja.adventisti.lv\/wp-content\/uploads\/rudens.jpg?resize=199%2C300\" alt=\"rudens\" srcset=\"http:\/\/i0.wp.com\/www.liepaja.adventisti.lv\/wp-content\/uploads\/rudens.jpg?resize=199%2C300 199w, http:\/\/i0.wp.com\/www.liepaja.adventisti.lv\/wp-content\/uploads\/rudens.jpg?w=597 597w\" sizes=\"(max-width: 199px) 100vw, 199px\" data-recalc-dims=\"1\" \/><\/a><\/p>\n<p style=\"text-align: center;\">Gavil\u0113 Kungam, visa zeme! Kalpojiet Kungam ar prieku, n\u0101ciet vi\u0146a priek\u0161\u0101 ar dziesm\u0101m! N\u0101ciet vi\u0146a v\u0101rtos ar pateic\u012bbu un vi\u0146a pagalmos slav\u0113dami &#8211; pateicieties vi\u0146am, slav\u0113jiet vi\u0146a v\u0101rdu, jo Kungs &#8211; labs! \/Psalms 100.\/<\/p>\n<p style=\"text-align: center;\">Rudens pateic\u012bbas dievkalpojums<br \/>\n12.oktobr\u012b, plkst.11:00<br \/>\nAdventistu Liep\u0101jas draudz\u0113<\/p>\n<div class=\"text_exposed_show\">\n<p style=\"text-align: center;\">Dievkalpojum\u0101 piedal\u012bsies anasamblis &#8220;Sirds \u010duksti&#8221;,<br \/>\nar Dieva V\u0101rdu kalpos Miks Mo\u017eeiko.<\/p>\n<p style=\"text-align: center;\">Uz satik\u0161anos pateic\u012bb\u0101!<\/p>\n<\/div>\n","protected":false},"excerpt":{"rendered":"<p>Gavil\u0113 Kungam, visa zeme! Kalpojiet Kungam ar prieku, n\u0101ciet vi\u0146a priek\u0161\u0101 ar dziesm\u0101m! N\u0101ciet vi\u0146a v\u0101rtos ar pateic\u012bbu un vi\u0146a pagalmos slav\u0113dami &#8211; pateicieties vi\u0146am, slav\u0113jiet vi\u0146a v\u0101rdu, jo Kungs &#8211; labs! \/Psalms 100.\/ Rudens pateic\u012bbas dievkalpojums 12.oktobr\u012b, plkst.11:00 Adventistu Liep\u0101jas draudz\u0113 Dievkalpojum\u0101 piedal\u012bsies anasamblis &#8220;Sirds \u010duksti&#8221;, ar Dieva V\u0101rdu kalpos Miks Mo\u017eeiko. Uz satik\u0161anos [&hellip;]<\/p>\n","protected":false},"author":4,"featured_media":0,"comment_status":"open","ping_status":"open","sticky":false,"template":"","format":"standard","meta":{"footnotes":""},"categories":[10],"tags":[],"_links":{"self":[{"href":"http:\/\/www.liepaja.adventisti.lv\/index.php?rest_route=\/wp\/v2\/posts\/1419"}],"collection":[{"href":"http:\/\/www.liepaja.adventisti.lv\/index.php?rest_route=\/wp\/v2\/posts"}],"about":[{"href":"http:\/\/www.liepaja.adventisti.lv\/index.php?rest_route=\/wp\/v2\/types\/post"}],"author":[{"embeddable":true,"href":"http:\/\/www.liepaja.adventisti.lv\/index.php?rest_route=\/wp\/v2\/users\/4"}],"replies":[{"embeddable":true,"href":"http:\/\/www.liepaja.adventisti.lv\/index.php?rest_route=%2Fwp%2Fv2%2Fcomments&post=1419"}],"version-history":[{"count":2,"href":"http:\/\/www.liepaja.adventisti.lv\/index.php?rest_route=\/wp\/v2\/posts\/1419\/revisions"}],"predecessor-version":[{"id":1422,"href":"http:\/\/www.liepaja.adventisti.lv\/index.php?rest_route=\/wp\/v2\/posts\/1419\/revisions\/1422"}],"wp:attachment":[{"href":"http:\/\/www.liepaja.adventisti.lv\/index.php?rest_route=%2Fwp%2Fv2%2Fmedia&parent=1419"}],"wp:term":[{"taxonomy":"category","embeddable":true,"href":"http:\/\/www.liepaja.adventisti.lv\/index.php?rest_route=%2Fwp%2Fv2%2Fcategories&post=1419"},{"taxonomy":"post_tag","embeddable":true,"href":"http:\/\/www.liepaja.adventisti.lv\/index.php?rest_route=%2Fwp%2Fv2%2Ftags&post=1419"}],"curies":[{"name":"wp","href":"https:\/\/api.w.org\/{rel}","templated":true}]}}