{"id":15,"date":"2010-07-09T13:42:00","date_gmt":"2010-07-09T13:42:00","guid":{"rendered":"http:\/\/www.liepaja.adventisti.lv\/?p=15"},"modified":"2010-07-09T13:42:00","modified_gmt":"2010-07-09T13:42:00","slug":"seru-vests","status":"publish","type":"post","link":"http:\/\/www.liepaja.adventisti.lv\/?p=15","title":{"rendered":"S\u0113ru v\u0113sts"},"content":{"rendered":"<table style=\"text-align: right; float: right; margin-left: 1em\" class=\"tr-caption-container\" cellspacing=\"0\" cellpadding=\"0\">\n<tbody>\n<tr>\n<td style=\"text-align: center\"><a href=\"http:\/\/i1.wp.com\/lh4.ggpht.com\/_KxuajPnw0hk\/TD2-mwgrEoI\/AAAAAAAAAsI\/xt9PsRm-GCQ\/s1600-h\/benita%5B17%5D.jpg\" onclick=\"_gaq.push(['_trackEvent', 'outbound-article', 'http:\/\/lh4.ggpht.com\/_KxuajPnw0hk\/TD2-mwgrEoI\/AAAAAAAAAsI\/xt9PsRm-GCQ\/s1600-h\/benita%5B17%5D.jpg', '']);\" ><img loading=\"lazy\" decoding=\"async\" style=\"border-bottom: 0px; border-left: 0px; margin: 10px 0px 20px; display: inline; border-top: 0px; border-right: 0px\" title=\"MINOLTA DIGITAL CAMERA         \" border=\"0\" alt=\"MINOLTA DIGITAL CAMERA         \" src=\"http:\/\/i0.wp.com\/lh3.ggpht.com\/_KxuajPnw0hk\/TD2-nvuTKoI\/AAAAAAAAAsM\/vwUSShsI3pA\/benita_thumb%5B15%5D.jpg?resize=244%2C239\" data-recalc-dims=\"1\" \/><\/a> <\/td>\n<\/tr>\n<tr>\n<td style=\"text-align: center\" class=\"tr-caption\">Benita! Tu mums \u013coti pietr\u016bksi!<\/td>\n<\/tr>\n<\/tbody>\n<\/table>\n<div style=\"text-align: justify\"><\/div>\n<p align=\"justify\">No mums ir \u0161\u0137\u012brusies <strong>Benita \u0136uda<\/strong>. Dieva mier\u0101 vi\u0146a aizmiga 5.j\u016blija agr\u0101 r\u012bt\u0101&#8230;<\/p>\n<p align=\"justify\">Benita bija m\u016bsu draudzes viena no akt\u012bv\u0101kaj\u0101m locekl\u0113m. Dzimusi 1947.gad\u0101 un Adventistu Liep\u0101jas draudz\u0113 krist\u012bta 2001.gad\u0101.<\/p>\n<p align=\"justify\">Neviens liel\u0101ks vai maz\u0101ks draudzes pas\u0101kums nebija iedom\u0101jams bez vi\u0146as akt\u012bvas kl\u0101tb\u016btnes. Benita, neskatoties uz savu slim\u012bbu un nesp\u0113ku, bija gatava kalpot vienm\u0113r un visur.<\/p>\n<p align=\"justify\">Kop\u012bgi l\u016bgsim Dievu, pateicoties par Vi\u0146a sv\u0113t\u012bb\u0101m Benitas dz\u012bv\u0113. Pateiksimies ar\u012b par visu to labo, ko visi var\u0113j\u0101m caur Benitu sa\u0146emt no Dieva. Un k\u0101 vi\u0146a to atkal un atkal v\u0113l\u0113j\u0101s, turpin\u0101sim \u012bpa\u0161i l\u016bgt par vi\u0146as d\u0113liem, mazmeitu un visu pla\u0161o radu saimi.<\/p>\n","protected":false},"excerpt":{"rendered":"<p>Benita! Tu mums \u013coti pietr\u016bksi! No mums ir \u0161\u0137\u012brusies Benita \u0136uda. Dieva mier\u0101 vi\u0146a aizmiga 5.j\u016blija agr\u0101 r\u012bt\u0101&#8230; Benita bija m\u016bsu draudzes viena no akt\u012bv\u0101kaj\u0101m locekl\u0113m. Dzimusi 1947.gad\u0101 un Adventistu Liep\u0101jas draudz\u0113 krist\u012bta 2001.gad\u0101. Neviens liel\u0101ks vai maz\u0101ks draudzes pas\u0101kums nebija iedom\u0101jams bez vi\u0146as akt\u012bvas kl\u0101tb\u016btnes. Benita, neskatoties uz savu slim\u012bbu un nesp\u0113ku, bija gatava [&hellip;]<\/p>\n","protected":false},"author":1,"featured_media":0,"comment_status":"open","ping_status":"open","sticky":false,"template":"","format":"standard","meta":{"footnotes":""},"categories":[1],"tags":[],"_links":{"self":[{"href":"http:\/\/www.liepaja.adventisti.lv\/index.php?rest_route=\/wp\/v2\/posts\/15"}],"collection":[{"href":"http:\/\/www.liepaja.adventisti.lv\/index.php?rest_route=\/wp\/v2\/posts"}],"about":[{"href":"http:\/\/www.liepaja.adventisti.lv\/index.php?rest_route=\/wp\/v2\/types\/post"}],"author":[{"embeddable":true,"href":"http:\/\/www.liepaja.adventisti.lv\/index.php?rest_route=\/wp\/v2\/users\/1"}],"replies":[{"embeddable":true,"href":"http:\/\/www.liepaja.adventisti.lv\/index.php?rest_route=%2Fwp%2Fv2%2Fcomments&post=15"}],"version-history":[{"count":0,"href":"http:\/\/www.liepaja.adventisti.lv\/index.php?rest_route=\/wp\/v2\/posts\/15\/revisions"}],"wp:attachment":[{"href":"http:\/\/www.liepaja.adventisti.lv\/index.php?rest_route=%2Fwp%2Fv2%2Fmedia&parent=15"}],"wp:term":[{"taxonomy":"category","embeddable":true,"href":"http:\/\/www.liepaja.adventisti.lv\/index.php?rest_route=%2Fwp%2Fv2%2Fcategories&post=15"},{"taxonomy":"post_tag","embeddable":true,"href":"http:\/\/www.liepaja.adventisti.lv\/index.php?rest_route=%2Fwp%2Fv2%2Ftags&post=15"}],"curies":[{"name":"wp","href":"https:\/\/api.w.org\/{rel}","templated":true}]}}