{"id":16,"date":"2010-08-16T08:56:00","date_gmt":"2010-08-16T08:56:00","guid":{"rendered":"http:\/\/www.liepaja.adventisti.lv\/?p=16"},"modified":"2012-02-22T00:21:34","modified_gmt":"2012-02-21T22:21:34","slug":"jauniesu-dienas","status":"publish","type":"post","link":"http:\/\/www.liepaja.adventisti.lv\/?p=16","title":{"rendered":"Jaunie\u0161u dienas"},"content":{"rendered":"<div style=\"text-align: justify;\">Jau pavisam dr\u012bz \u2013 21. un 22. august\u0101 krist\u012bgiem jaunie\u0161iem atkal ir iesp\u0113ja visiem pulc\u0113ties kop\u0101. \u0160oreiz tas b\u016bs pie mums \u2013 Liep\u0101j\u0101. Te notiks jaunie\u0161u dienas, kur\u0101s&nbsp;pulc\u0113sies kop\u0101 pusaud\u017ei un jaunie\u0161i ar m\u0113r\u0137i m\u0101c\u012bties, rad\u012bt izpratni par svar\u012bg\u0101kajiem jaut\u0101jumiem un iesaist\u012bties kop\u0113ju m\u0113r\u0137u sasnieg\u0161an\u0101. Varb\u016bt ar\u012b Tu v\u0113lies piedal\u012bties?<\/div>\n<div style=\"text-align: justify;\"><\/div>\n<div style=\"text-align: justify;\"><span class=\"Apple-style-span\" style=\"clear: right; float: right; font-family: Helvetica; font-size: 12px; margin-bottom: 1em; margin-left: 1em;\"><\/span><u>Pas\u0101kuma programm\u0101:<\/u><\/div>\n<div style=\"text-align: justify;\"><a href=\"http:\/\/i1.wp.com\/2.bp.blogspot.com\/_Jk4wAZv4XYg\/TEc2pZUPnsI\/AAAAAAAAAKE\/zJSJZYd6DPM\/s1600\/Picture2.jpg\" onclick=\"_gaq.push(['_trackEvent', 'outbound-article', 'http:\/\/i1.wp.com\/2.bp.blogspot.com\/_Jk4wAZv4XYg\/TEc2pZUPnsI\/AAAAAAAAAKE\/zJSJZYd6DPM\/s1600\/Picture2.jpg?resize=400%2C286', '']);\" imageanchor=\"1\" style=\"clear: right; float: right; margin-bottom: 1em; margin-left: 1em;\"><img loading=\"lazy\" decoding=\"async\" alt=\"Picture2.jpg\" border=\"0\" src=\"http:\/\/i1.wp.com\/2.bp.blogspot.com\/_Jk4wAZv4XYg\/TEc2pZUPnsI\/AAAAAAAAAKE\/zJSJZYd6DPM\/s1600\/Picture2.jpg?resize=400%2C286\" data-recalc-dims=\"1\" \/><\/a>SESTDIENA:<\/div>\n<div>Dievkalpojums (plkst.11:00)<br \/>P\u0101rrunas<br \/>Kalpo\u0161ana grup\u0101s<br \/>Sp\u0113les<br \/>Slav\u0113\u0161anas vakars (plkst.20:00)<br \/>SV\u0112TDIENA:<\/div>\n<div>R\u012bta dievkalpojums (plkst.11:00)<br \/>Lekcija<br \/>Diskusijas un grupu prezent\u0101cijas<\/div>\n","protected":false},"excerpt":{"rendered":"<p>Jau pavisam dr\u012bz \u2013 21. un 22. august\u0101 krist\u012bgiem jaunie\u0161iem atkal ir iesp\u0113ja visiem pulc\u0113ties kop\u0101. \u0160oreiz tas b\u016bs pie mums \u2013 Liep\u0101j\u0101. Te notiks jaunie\u0161u dienas, kur\u0101s&nbsp;pulc\u0113sies kop\u0101 pusaud\u017ei un jaunie\u0161i ar m\u0113r\u0137i m\u0101c\u012bties, rad\u012bt izpratni par svar\u012bg\u0101kajiem jaut\u0101jumiem un iesaist\u012bties kop\u0113ju m\u0113r\u0137u sasnieg\u0161an\u0101. Varb\u016bt ar\u012b Tu v\u0113lies piedal\u012bties? Pas\u0101kuma programm\u0101: SESTDIENA: Dievkalpojums (plkst.11:00)P\u0101rrunasKalpo\u0161ana [&hellip;]<\/p>\n","protected":false},"author":1,"featured_media":0,"comment_status":"open","ping_status":"open","sticky":false,"template":"","format":"standard","meta":{"footnotes":""},"categories":[6,5],"tags":[],"_links":{"self":[{"href":"http:\/\/www.liepaja.adventisti.lv\/index.php?rest_route=\/wp\/v2\/posts\/16"}],"collection":[{"href":"http:\/\/www.liepaja.adventisti.lv\/index.php?rest_route=\/wp\/v2\/posts"}],"about":[{"href":"http:\/\/www.liepaja.adventisti.lv\/index.php?rest_route=\/wp\/v2\/types\/post"}],"author":[{"embeddable":true,"href":"http:\/\/www.liepaja.adventisti.lv\/index.php?rest_route=\/wp\/v2\/users\/1"}],"replies":[{"embeddable":true,"href":"http:\/\/www.liepaja.adventisti.lv\/index.php?rest_route=%2Fwp%2Fv2%2Fcomments&post=16"}],"version-history":[{"count":1,"href":"http:\/\/www.liepaja.adventisti.lv\/index.php?rest_route=\/wp\/v2\/posts\/16\/revisions"}],"predecessor-version":[{"id":356,"href":"http:\/\/www.liepaja.adventisti.lv\/index.php?rest_route=\/wp\/v2\/posts\/16\/revisions\/356"}],"wp:attachment":[{"href":"http:\/\/www.liepaja.adventisti.lv\/index.php?rest_route=%2Fwp%2Fv2%2Fmedia&parent=16"}],"wp:term":[{"taxonomy":"category","embeddable":true,"href":"http:\/\/www.liepaja.adventisti.lv\/index.php?rest_route=%2Fwp%2Fv2%2Fcategories&post=16"},{"taxonomy":"post_tag","embeddable":true,"href":"http:\/\/www.liepaja.adventisti.lv\/index.php?rest_route=%2Fwp%2Fv2%2Ftags&post=16"}],"curies":[{"name":"wp","href":"https:\/\/api.w.org\/{rel}","templated":true}]}}