{"id":946,"date":"2013-10-27T22:24:37","date_gmt":"2013-10-27T20:24:37","guid":{"rendered":"http:\/\/www.liepaja.adventisti.lv\/?p=946"},"modified":"2013-10-27T22:25:26","modified_gmt":"2013-10-27T20:25:26","slug":"cela-mekletaju-pargajiens","status":"publish","type":"post","link":"http:\/\/www.liepaja.adventisti.lv\/?p=946","title":{"rendered":"Ce\u013ca Mekl\u0113t\u0101ju p\u0101rg\u0101jiens"},"content":{"rendered":"<p>2013.gada 20. oktrobr\u012b Ce\u013ca Mekl\u0113t\u0101ji ar CM kandit\u0101tiem, pulc\u0113j\u0101s pie Zieme\u013cu Mola, lai dotos p\u0101rg\u0101jien\u0101 uz Zieme\u013cu Fortiem. Lai gan pirms p\u0101rg\u0101jiena s\u0101kuma lija, ce\u013c\u0101 nebija ne zi\u0146as no lietus. Laiks bija ide\u0101ls p\u0101rg\u0101jienam pa j\u016bru.<\/p>\n<p>P\u0101rg\u0101jiens bija pavisam br\u012bvs, var\u0113ja staig\u0101t pa vec\u0101m drup\u0101m vai vienk\u0101r\u0161i izbaud\u012bt p\u0101rg\u0101jienu. P\u0101rg\u0101jiena laik\u0101 bija da\u017e\u0101das sp\u0113les, kura galvenais m\u0113r\u0137is bija K\u0100RT\u012aGI izskrieties. CM ar\u012b apciemoja jau paz\u012bstamo &#8221;sl\u012bpo m\u0101ju&#8221;. \u0160\u012b m\u0101ja ir nosl\u012bd\u0113jusi vair\u0101k k\u0101 40gr\u0101du sl\u012bpum\u0101, un ieejot taj\u0101 iek\u0161\u0101 ir gr\u016bti notur\u0113t l\u012bdzsvaru, kur rodas ar\u012b lielais prieks.<\/p>\n<p>P\u0101rg\u0101jiena beig\u0101s visi izdz\u012bvoju\u0161ie tika atalgoti ar k\u0101rt\u012bg\u0101m pusdien\u0101m un siltu ugunskuru.<\/p>\n<p>CM gaid\u012bs ziemu \u00a0kop\u0101 ar n\u0101kamo p\u0101rg\u0101jienu.<\/p>\n<p><iframe loading=\"lazy\" src=\"\/\/www.youtube.com\/embed\/2XguZDL1D8c\" height=\"232\" width=\"432\" allowfullscreen=\"\" frameborder=\"0\"><\/iframe><\/p>\n","protected":false},"excerpt":{"rendered":"<p>2013.gada 20. oktrobr\u012b Ce\u013ca Mekl\u0113t\u0101ji ar CM kandit\u0101tiem, pulc\u0113j\u0101s pie Zieme\u013cu Mola, lai dotos p\u0101rg\u0101jien\u0101 uz Zieme\u013cu Fortiem. Lai gan pirms p\u0101rg\u0101jiena s\u0101kuma lija, ce\u013c\u0101 nebija ne zi\u0146as no lietus. Laiks bija ide\u0101ls p\u0101rg\u0101jienam pa j\u016bru. P\u0101rg\u0101jiens bija pavisam br\u012bvs, var\u0113ja staig\u0101t pa vec\u0101m drup\u0101m vai vienk\u0101r\u0161i izbaud\u012bt p\u0101rg\u0101jienu. P\u0101rg\u0101jiena laik\u0101 bija da\u017e\u0101das sp\u0113les, kura [&hellip;]<\/p>\n","protected":false},"author":4,"featured_media":0,"comment_status":"open","ping_status":"open","sticky":false,"template":"","format":"standard","meta":{"footnotes":""},"categories":[9,6],"tags":[],"_links":{"self":[{"href":"http:\/\/www.liepaja.adventisti.lv\/index.php?rest_route=\/wp\/v2\/posts\/946"}],"collection":[{"href":"http:\/\/www.liepaja.adventisti.lv\/index.php?rest_route=\/wp\/v2\/posts"}],"about":[{"href":"http:\/\/www.liepaja.adventisti.lv\/index.php?rest_route=\/wp\/v2\/types\/post"}],"author":[{"embeddable":true,"href":"http:\/\/www.liepaja.adventisti.lv\/index.php?rest_route=\/wp\/v2\/users\/4"}],"replies":[{"embeddable":true,"href":"http:\/\/www.liepaja.adventisti.lv\/index.php?rest_route=%2Fwp%2Fv2%2Fcomments&post=946"}],"version-history":[{"count":2,"href":"http:\/\/www.liepaja.adventisti.lv\/index.php?rest_route=\/wp\/v2\/posts\/946\/revisions"}],"predecessor-version":[{"id":957,"href":"http:\/\/www.liepaja.adventisti.lv\/index.php?rest_route=\/wp\/v2\/posts\/946\/revisions\/957"}],"wp:attachment":[{"href":"http:\/\/www.liepaja.adventisti.lv\/index.php?rest_route=%2Fwp%2Fv2%2Fmedia&parent=946"}],"wp:term":[{"taxonomy":"category","embeddable":true,"href":"http:\/\/www.liepaja.adventisti.lv\/index.php?rest_route=%2Fwp%2Fv2%2Fcategories&post=946"},{"taxonomy":"post_tag","embeddable":true,"href":"http:\/\/www.liepaja.adventisti.lv\/index.php?rest_route=%2Fwp%2Fv2%2Ftags&post=946"}],"curies":[{"name":"wp","href":"https:\/\/api.w.org\/{rel}","templated":true}]}}